{"id":3904,"date":"2025-07-08T20:11:44","date_gmt":"2025-07-08T20:11:44","guid":{"rendered":"https:\/\/rgminer.com.br\/site\/?p=3904"},"modified":"2025-07-08T20:50:33","modified_gmt":"2025-07-08T20:50:33","slug":"ciclo-de-conversas-com-as-comunidades","status":"publish","type":"post","link":"https:\/\/rgminer.com.br\/site\/ciclo-de-conversas-com-as-comunidades\/","title":{"rendered":"Ciclo de Conversas com as Comunidades"},"content":{"rendered":"\n<p>Desde que a RGM chegou em S\u00e3o Jos\u00e9 do Norte, l\u00e1 em 2011, a escuta e a transpar\u00eancia fazem parte do dia a dia da equipe respons\u00e1vel pelo projeto Retiro. Mesmo quando tudo ainda era estudo, diagn\u00f3stico e planejamento, j\u00e1 existia uma certeza: estar perto da comunidade era t\u00e3o importante quanto qualquer etapa t\u00e9cnica.<\/p>\n\n\n\n<p>Esse v\u00ednculo com os moradores foi se fortalecendo com o tempo. Reuni\u00f5es, visitas, rodas de conversa, participa\u00e7\u00e3o em eventos e a\u00e7\u00f5es educativas marcaram esse percurso. Cada encontro foi uma oportunidade de troca \u2014 um espa\u00e7o para apresentar o projeto, esclarecer d\u00favidas, ouvir preocupa\u00e7\u00f5es e construir rela\u00e7\u00f5es baseadas no respeito.<\/p>\n\n\n\n<p>Entre 2013 e 2014, \u00e0s v\u00e9speras das Audi\u00eancias P\u00fablicas do Projeto Retiro, uma s\u00e9rie de conversas foi promovida com moradores de \u00e1reas urbanas e rurais do munic\u00edpio. Em muitos desses encontros, al\u00e9m dos di\u00e1logos, teve gestos simb\u00f3licos, como a entrega de mudas nativas, que representavam n\u00e3o s\u00f3 o compromisso ambiental, mas tamb\u00e9m o cuidado com as ra\u00edzes e com o futuro do territ\u00f3rio.<\/p>\n\n\n\n<p>Esse ciclo de conversas segue sendo um dos pilares do projeto. Porque pra n\u00f3s, desenvolvimento de verdade \u00e9 aquele que se constr\u00f3i junto, com di\u00e1logo e participa\u00e7\u00e3o de quem vive o dia a dia do lugar.<\/p>\n\n\n\n<p><strong>Presen\u00e7a que se constr\u00f3i com o tempo<\/strong><\/p>\n\n\n\n<p>O di\u00e1logo com a comunidade sempre esteve no centro da atua\u00e7\u00e3o do projeto, mas n\u00e3o parou por a\u00ed. Desde os primeiros anos, a RGM esteve presente em escolas, eventos p\u00fablicos, encontros com institui\u00e7\u00f5es e espa\u00e7os de debate \u2014 construindo pontes com quem vive, trabalha e decide em S\u00e3o Jos\u00e9 do Norte. A seguir, destacamos alguns dos momentos que marcaram essa trajet\u00f3ria:<\/p>\n\n\n\n<p><strong>Presen\u00e7a institucional e constru\u00e7\u00e3o de parcerias<\/strong><\/p>\n\n\n\n<figure class=\"wp-block-image size-large\"><img fetchpriority=\"high\" decoding=\"async\" width=\"1024\" height=\"576\" src=\"https:\/\/rgminer.com.br\/site\/wp-content\/uploads\/2025\/07\/02.10.2014_Apresentacao-a-comunidade-do-Passinho_2-1024x576.jpg\" alt=\"\" class=\"wp-image-3913\" srcset=\"https:\/\/rgminer.com.br\/site\/wp-content\/uploads\/2025\/07\/02.10.2014_Apresentacao-a-comunidade-do-Passinho_2-1024x576.jpg 1024w, https:\/\/rgminer.com.br\/site\/wp-content\/uploads\/2025\/07\/02.10.2014_Apresentacao-a-comunidade-do-Passinho_2-300x169.jpg 300w, https:\/\/rgminer.com.br\/site\/wp-content\/uploads\/2025\/07\/02.10.2014_Apresentacao-a-comunidade-do-Passinho_2-768x432.jpg 768w, https:\/\/rgminer.com.br\/site\/wp-content\/uploads\/2025\/07\/02.10.2014_Apresentacao-a-comunidade-do-Passinho_2.jpg 1297w\" sizes=\"(max-width: 1024px) 100vw, 1024px\" \/><\/figure>\n\n\n\n<p>Nos primeiros anos, uma das prioridades foi estabelecer rela\u00e7\u00f5es de confian\u00e7a com institui\u00e7\u00f5es p\u00fablicas e organiza\u00e7\u00f5es locais. A equipe participou de reuni\u00f5es com secretarias municipais, associa\u00e7\u00f5es de pescadores e produtores, representantes da C\u00e2mara de Vereadores e entidades de educa\u00e7\u00e3o, cultura e meio ambiente. O foco sempre foi a troca de informa\u00e7\u00f5es, o esclarecimento t\u00e9cnico e a cria\u00e7\u00e3o de um ambiente de coopera\u00e7\u00e3o.<\/p>\n\n\n\n<p><strong>Compromisso com a escuta institucional<\/strong><\/p>\n\n\n\n<figure class=\"wp-block-image size-large\"><img decoding=\"async\" width=\"1024\" height=\"577\" src=\"https:\/\/rgminer.com.br\/site\/wp-content\/uploads\/2025\/07\/18.06.2014-Apresentacao-Secretarias-de-Planejamento-e-Fazenda-do-Municipio_2-1024x577.jpg\" alt=\"\" class=\"wp-image-3914\" srcset=\"https:\/\/rgminer.com.br\/site\/wp-content\/uploads\/2025\/07\/18.06.2014-Apresentacao-Secretarias-de-Planejamento-e-Fazenda-do-Municipio_2-1024x577.jpg 1024w, https:\/\/rgminer.com.br\/site\/wp-content\/uploads\/2025\/07\/18.06.2014-Apresentacao-Secretarias-de-Planejamento-e-Fazenda-do-Municipio_2-300x169.jpg 300w, https:\/\/rgminer.com.br\/site\/wp-content\/uploads\/2025\/07\/18.06.2014-Apresentacao-Secretarias-de-Planejamento-e-Fazenda-do-Municipio_2-768x433.jpg 768w, https:\/\/rgminer.com.br\/site\/wp-content\/uploads\/2025\/07\/18.06.2014-Apresentacao-Secretarias-de-Planejamento-e-Fazenda-do-Municipio_2.jpg 1299w\" sizes=\"(max-width: 1024px) 100vw, 1024px\" \/><\/figure>\n\n\n\n<p>Al\u00e9m do contato com as comunidades, a escuta institucional tamb\u00e9m teve espa\u00e7o desde o in\u00edcio. Em 2014, por exemplo, aconteceram encontros importantes com representantes do poder p\u00fablico local. A reuni\u00e3o com a Secretaria Municipal de Meio Ambiente foi dedicada \u00e0 discuss\u00e3o dos estudos ambientais e do planejamento da futura opera\u00e7\u00e3o. J\u00e1 a apresenta\u00e7\u00e3o na C\u00e2mara de Vereadores teve como foco a transpar\u00eancia do processo e o di\u00e1logo com lideran\u00e7as pol\u00edticas.<\/p>\n\n\n\n<p><strong>Educa\u00e7\u00e3o ambiental e a\u00e7\u00f5es simb\u00f3licas<\/strong><\/p>\n\n\n\n<figure class=\"wp-block-image aligncenter size-full\"><img decoding=\"async\" width=\"567\" height=\"319\" src=\"https:\/\/rgminer.com.br\/site\/wp-content\/uploads\/2025\/07\/Acao-Educativa-nas-Escolas-de-Sao-Jose-do-Norte-\u2013-Entrega-de-Mudas_3.jpg\" alt=\"\" class=\"wp-image-3916\" srcset=\"https:\/\/rgminer.com.br\/site\/wp-content\/uploads\/2025\/07\/Acao-Educativa-nas-Escolas-de-Sao-Jose-do-Norte-\u2013-Entrega-de-Mudas_3.jpg 567w, https:\/\/rgminer.com.br\/site\/wp-content\/uploads\/2025\/07\/Acao-Educativa-nas-Escolas-de-Sao-Jose-do-Norte-\u2013-Entrega-de-Mudas_3-300x169.jpg 300w\" sizes=\"(max-width: 567px) 100vw, 567px\" \/><\/figure>\n\n\n\n<p>Em paralelo \u00e0s atividades t\u00e9cnicas, a RGM tamb\u00e9m desenvolveu a\u00e7\u00f5es de educa\u00e7\u00e3o ambiental, especialmente com escolas e grupos locais. Entre as atividades, destacam-se rodas de conversa e a entrega de mudas nativas em datas comemorativas, como o Dia da Natureza. Esses gestos simples ajudaram a fortalecer os la\u00e7os com o territ\u00f3rio e refor\u00e7aram o cuidado com o futuro.<\/p>\n\n\n\n<p><strong>Presen\u00e7a em datas comemorativas<\/strong><\/p>\n\n\n\n<figure class=\"wp-block-image size-large\"><img loading=\"lazy\" decoding=\"async\" width=\"1024\" height=\"577\" src=\"https:\/\/rgminer.com.br\/site\/wp-content\/uploads\/2025\/07\/21.09.2014_Estande-no-CTG-Barreira-do-Norte-\u2013-Semana-Farroupilha_6-1024x577.jpg\" alt=\"\" class=\"wp-image-3917\" srcset=\"https:\/\/rgminer.com.br\/site\/wp-content\/uploads\/2025\/07\/21.09.2014_Estande-no-CTG-Barreira-do-Norte-\u2013-Semana-Farroupilha_6-1024x577.jpg 1024w, https:\/\/rgminer.com.br\/site\/wp-content\/uploads\/2025\/07\/21.09.2014_Estande-no-CTG-Barreira-do-Norte-\u2013-Semana-Farroupilha_6-300x169.jpg 300w, https:\/\/rgminer.com.br\/site\/wp-content\/uploads\/2025\/07\/21.09.2014_Estande-no-CTG-Barreira-do-Norte-\u2013-Semana-Farroupilha_6-768x433.jpg 768w, https:\/\/rgminer.com.br\/site\/wp-content\/uploads\/2025\/07\/21.09.2014_Estande-no-CTG-Barreira-do-Norte-\u2013-Semana-Farroupilha_6.jpg 1299w\" sizes=\"(max-width: 1024px) 100vw, 1024px\" \/><\/figure>\n\n\n\n<p>Participar dos eventos que fazem parte da vida da cidade foi uma forma de demonstrar respeito \u00e0s tradi\u00e7\u00f5es locais. A presen\u00e7a na Semana Farroupilha, no Dia Mundial da \u00c1gua, no Dia da \u00c1rvore e na Feira do Livro possibilitou o contato direto com a popula\u00e7\u00e3o e a troca de ideias sobre meio ambiente, cultura e identidade local \u2014 tudo isso em espa\u00e7os simb\u00f3licos de pertencimento.<\/p>\n\n\n\n<p><strong>Participa\u00e7\u00e3o em agendas e debates estrat\u00e9gicos<\/strong><\/p>\n\n\n\n<p>Tamb\u00e9m em 2014, a equipe do projeto marcou presen\u00e7a na audi\u00eancia p\u00fablica realizada em Bras\u00edlia sobre a Travessia a Seco entre S\u00e3o Jos\u00e9 do Norte e Rio Grande. Mesmo em fase de estrutura\u00e7\u00e3o, a participa\u00e7\u00e3o demonstrou interesse em acompanhar as discuss\u00f5es sobre infraestrutura regional e contribuir com o desenvolvimento da regi\u00e3o de forma mais ampla.<\/p>\n\n\n\n<p><\/p>\n","protected":false},"excerpt":{"rendered":"<p>O di\u00e1logo com a comunidade sempre foi prioridade.<\/p>\n","protected":false},"author":2,"featured_media":3911,"comment_status":"open","ping_status":"open","sticky":false,"template":"","format":"standard","meta":{"footnotes":""},"categories":[1],"tags":[],"class_list":["post-3904","post","type-post","status-publish","format-standard","has-post-thumbnail","hentry","category-uncategorized"],"_links":{"self":[{"href":"https:\/\/rgminer.com.br\/site\/wp-json\/wp\/v2\/posts\/3904","targetHints":{"allow":["GET"]}}],"collection":[{"href":"https:\/\/rgminer.com.br\/site\/wp-json\/wp\/v2\/posts"}],"about":[{"href":"https:\/\/rgminer.com.br\/site\/wp-json\/wp\/v2\/types\/post"}],"author":[{"embeddable":true,"href":"https:\/\/rgminer.com.br\/site\/wp-json\/wp\/v2\/users\/2"}],"replies":[{"embeddable":true,"href":"https:\/\/rgminer.com.br\/site\/wp-json\/wp\/v2\/comments?post=3904"}],"version-history":[{"count":4,"href":"https:\/\/rgminer.com.br\/site\/wp-json\/wp\/v2\/posts\/3904\/revisions"}],"predecessor-version":[{"id":3918,"href":"https:\/\/rgminer.com.br\/site\/wp-json\/wp\/v2\/posts\/3904\/revisions\/3918"}],"wp:featuredmedia":[{"embeddable":true,"href":"https:\/\/rgminer.com.br\/site\/wp-json\/wp\/v2\/media\/3911"}],"wp:attachment":[{"href":"https:\/\/rgminer.com.br\/site\/wp-json\/wp\/v2\/media?parent=3904"}],"wp:term":[{"taxonomy":"category","embeddable":true,"href":"https:\/\/rgminer.com.br\/site\/wp-json\/wp\/v2\/categories?post=3904"},{"taxonomy":"post_tag","embeddable":true,"href":"https:\/\/rgminer.com.br\/site\/wp-json\/wp\/v2\/tags?post=3904"}],"curies":[{"name":"wp","href":"https:\/\/api.w.org\/{rel}","templated":true}]}}